{"id":2892,"date":"2019-06-18T00:56:35","date_gmt":"2019-06-18T00:56:35","guid":{"rendered":"http:\/\/u-medicare.com\/?p=2892"},"modified":"2025-09-16T23:53:34","modified_gmt":"2025-09-16T23:53:34","slug":"pterygium-surfers-eye-in-puerto-vallarta","status":"publish","type":"post","link":"https:\/\/u-medicare.com\/es\/pterygium-surfers-eye-in-puerto-vallarta\/","title":{"rendered":"Pterigion-Carnosidad"},"content":{"rendered":"<div data-elementor-type=\"wp-post\" data-elementor-id=\"2892\" class=\"elementor elementor-2892\" data-elementor-post-type=\"post\">\n\t\t\t\t<div class=\"elementor-element elementor-element-680750e e-flex e-con-boxed e-con e-parent\" data-id=\"680750e\" data-element_type=\"container\" data-e-type=\"container\">\n\t\t\t\t\t<div class=\"e-con-inner\">\n\t\t\t\t<div class=\"elementor-element elementor-element-d5a386c elementor-widget elementor-widget-heading\" data-id=\"d5a386c\" data-element_type=\"widget\" data-e-type=\"widget\" data-widget_type=\"heading.default\">\n\t\t\t\t<div class=\"elementor-widget-container\">\n\t\t\t\t\t<h2 class=\"elementor-heading-title elementor-size-default\">\u00bfQu\u00e9 es un pterigi\u00f3n?<\/h2>\t\t\t\t<\/div>\n\t\t\t\t<\/div>\n\t\t\t\t\t<\/div>\n\t\t\t\t<\/div>\n\t\t<div class=\"elementor-element elementor-element-d5596ce e-flex e-con-boxed e-con e-parent\" data-id=\"d5596ce\" data-element_type=\"container\" data-e-type=\"container\">\n\t\t\t\t\t<div class=\"e-con-inner\">\n\t\t\t\t<div class=\"elementor-element elementor-element-11e4cc2 elementor-widget elementor-widget-image\" data-id=\"11e4cc2\" data-element_type=\"widget\" data-e-type=\"widget\" data-widget_type=\"image.default\">\n\t\t\t\t<div class=\"elementor-widget-container\">\n\t\t\t\t\t\t\t\t\t\t\t\t\t\t\t<img fetchpriority=\"high\" decoding=\"async\" width=\"1024\" height=\"655\" src=\"http:\/\/u-medicare.com\/wp-content\/uploads\/2023\/11\/Web-Banners-Business-8.jpeg\" class=\"attachment-large size-large wp-image-5251\" alt=\"\" srcset=\"https:\/\/u-medicare.com\/wp-content\/uploads\/2023\/11\/Web-Banners-Business-8.jpeg 2200w, https:\/\/u-medicare.com\/wp-content\/uploads\/2023\/11\/Web-Banners-Business-8-300x192.jpeg 300w, https:\/\/u-medicare.com\/wp-content\/uploads\/2023\/11\/Web-Banners-Business-8-1024x655.jpeg 1024w, https:\/\/u-medicare.com\/wp-content\/uploads\/2023\/11\/Web-Banners-Business-8-768x492.jpeg 768w, https:\/\/u-medicare.com\/wp-content\/uploads\/2023\/11\/Web-Banners-Business-8-1536x983.jpeg 1536w, https:\/\/u-medicare.com\/wp-content\/uploads\/2023\/11\/Web-Banners-Business-8-2048x1311.jpeg 2048w, https:\/\/u-medicare.com\/wp-content\/uploads\/2023\/11\/Web-Banners-Business-8-18x12.jpeg 18w\" sizes=\"(max-width: 1024px) 100vw, 1024px\" \/>\t\t\t\t\t\t\t\t\t\t\t\t\t\t\t<\/div>\n\t\t\t\t<\/div>\n\t\t\t\t\t<\/div>\n\t\t\t\t<\/div>\n\t\t<div class=\"elementor-element elementor-element-f4e1bbb e-flex e-con-boxed e-con e-parent\" data-id=\"f4e1bbb\" data-element_type=\"container\" data-e-type=\"container\">\n\t\t\t\t\t<div class=\"e-con-inner\">\n\t\t\t\t<div class=\"elementor-element elementor-element-8854440 elementor-widget elementor-widget-text-editor\" data-id=\"8854440\" data-element_type=\"widget\" data-e-type=\"widget\" data-widget_type=\"text-editor.default\">\n\t\t\t\t<div class=\"elementor-widget-container\">\n\t\t\t\t\t\t\t\t\t<blockquote><p style=\"text-align: center;\"><span style=\"color: #999999;\">Un pterigi\u00f3n es un crecimiento excesivo benigno o no canceroso de la conjuntiva. Puede aparecer como un crecimiento de tejido engrosado en forma de cu\u00f1a que cubre la parte blanca del ojo.<\/span><\/p><p style=\"text-align: center;\"><span style=\"color: #999999;\">Comienza en la conjuntiva del ojo (la capa delgada que cubre la parte blanca del ojo o escler\u00f3tica) y puede extenderse a la c\u00f3rnea.<\/span><\/p><p style=\"text-align: center;\"><span style=\"color: #999999;\">Un pterigi\u00f3n puede ocurrir en uno o ambos ojos.<\/span><\/p><\/blockquote>\t\t\t\t\t\t\t\t<\/div>\n\t\t\t\t<\/div>\n\t\t\t\t\t<\/div>\n\t\t\t\t<\/div>\n\t\t<div class=\"elementor-element elementor-element-37f393a e-flex e-con-boxed e-con e-parent\" data-id=\"37f393a\" data-element_type=\"container\" data-e-type=\"container\">\n\t\t\t\t\t<div class=\"e-con-inner\">\n\t\t\t\t<div class=\"elementor-element elementor-element-595896a elementor-widget elementor-widget-image\" data-id=\"595896a\" data-element_type=\"widget\" data-e-type=\"widget\" data-widget_type=\"image.default\">\n\t\t\t\t<div class=\"elementor-widget-container\">\n\t\t\t\t\t\t\t\t\t\t\t\t\t\t\t<img decoding=\"async\" width=\"1024\" height=\"576\" src=\"https:\/\/u-medicare.com\/wp-content\/uploads\/2019\/06\/ophthalmologist-puerto-vallarta-1024x576.jpeg\" class=\"attachment-large size-large wp-image-5252\" alt=\"\" srcset=\"https:\/\/u-medicare.com\/wp-content\/uploads\/2019\/06\/ophthalmologist-puerto-vallarta-1024x576.jpeg 1024w, https:\/\/u-medicare.com\/wp-content\/uploads\/2019\/06\/ophthalmologist-puerto-vallarta-300x169.jpeg 300w, https:\/\/u-medicare.com\/wp-content\/uploads\/2019\/06\/ophthalmologist-puerto-vallarta-768x432.jpeg 768w, https:\/\/u-medicare.com\/wp-content\/uploads\/2019\/06\/ophthalmologist-puerto-vallarta-1536x864.jpeg 1536w, https:\/\/u-medicare.com\/wp-content\/uploads\/2019\/06\/ophthalmologist-puerto-vallarta-2048x1152.jpeg 2048w, https:\/\/u-medicare.com\/wp-content\/uploads\/2019\/06\/ophthalmologist-puerto-vallarta-18x10.jpeg 18w\" sizes=\"(max-width: 1024px) 100vw, 1024px\" \/>\t\t\t\t\t\t\t\t\t\t\t\t\t\t\t<\/div>\n\t\t\t\t<\/div>\n\t\t\t\t\t<\/div>\n\t\t\t\t<\/div>\n\t\t<div class=\"elementor-element elementor-element-907305d e-flex e-con-boxed e-con e-parent\" data-id=\"907305d\" data-element_type=\"container\" data-e-type=\"container\">\n\t\t\t\t\t<div class=\"e-con-inner\">\n\t\t\t\t<div class=\"elementor-element elementor-element-45213ab elementor-widget-divider--view-line_icon elementor-view-default elementor-widget-divider--element-align-center elementor-widget elementor-widget-divider\" data-id=\"45213ab\" data-element_type=\"widget\" data-e-type=\"widget\" data-widget_type=\"divider.default\">\n\t\t\t\t<div class=\"elementor-widget-container\">\n\t\t\t\t\t\t\t<div class=\"elementor-divider\">\n\t\t\t<span class=\"elementor-divider-separator\">\n\t\t\t\t\t\t\t<div class=\"elementor-icon elementor-divider__element\">\n\t\t\t\t\t<i aria-hidden=\"true\" class=\"fas fa-hand-holding-medical\"><\/i><\/div>\n\t\t\t\t\t\t<\/span>\n\t\t<\/div>\n\t\t\t\t\t\t<\/div>\n\t\t\t\t<\/div>\n\t\t\t\t\t<\/div>\n\t\t\t\t<\/div>\n\t\t<div class=\"elementor-element elementor-element-38b49fc e-flex e-con-boxed e-con e-parent\" data-id=\"38b49fc\" data-element_type=\"container\" data-e-type=\"container\">\n\t\t\t\t\t<div class=\"e-con-inner\">\n\t\t<div class=\"elementor-element elementor-element-d11d655 e-con-full e-flex e-con e-child\" data-id=\"d11d655\" data-element_type=\"container\" data-e-type=\"container\">\n\t\t\t\t<div class=\"elementor-element elementor-element-832e15b elementor-widget elementor-widget-text-editor\" data-id=\"832e15b\" data-element_type=\"widget\" data-e-type=\"widget\" data-widget_type=\"text-editor.default\">\n\t\t\t\t<div class=\"elementor-widget-container\">\n\t\t\t\t\t\t\t\t\t<h3 style=\"text-align: center;\"><span style=\"color: #003366;\">\u00bfCu\u00e1l es el impacto de un pterigi\u00f3n?<\/span><\/h3><p>Un pterigi\u00f3n puede causar molestias en los ojos, que incluyen:<\/p><ul><li>Una sensaci\u00f3n de ardor<\/li><li>Irritacion<\/li><li>Enrojecimiento<\/li><li>Lagrimeo<\/li><li>Sensaci\u00f3n de cuerpo extra\u00f1o<\/li><li>Visi\u00f3n borrosa debido a la distorsi\u00f3n de la forma de la c\u00f3rnea (astigmatismo).<\/li><\/ul><p>Si el crecimiento se vuelve lo suficientemente grande, puede comenzar a inhibir la visi\u00f3n.<\/p>\t\t\t\t\t\t\t\t<\/div>\n\t\t\t\t<\/div>\n\t\t\t\t<\/div>\n\t\t<div class=\"elementor-element elementor-element-dd60d26 e-con-full e-flex e-con e-child\" data-id=\"dd60d26\" data-element_type=\"container\" data-e-type=\"container\">\n\t\t\t\t<div class=\"elementor-element elementor-element-c35e71d elementor-widget elementor-widget-text-editor\" data-id=\"c35e71d\" data-element_type=\"widget\" data-e-type=\"widget\" data-widget_type=\"text-editor.default\">\n\t\t\t\t<div class=\"elementor-widget-container\">\n\t\t\t\t\t\t\t\t\t<h3 style=\"text-align: center;\"><span style=\"color: #003366;\">\u00bfQu\u00e9 puede causar el pterigi\u00f3n?<\/span><\/h3><p>Un pterigi\u00f3n suele ser el resultado de una exposici\u00f3n prolongada a la luz ultravioleta (UV) del sol. Ocurren con mayor frecuencia en personas que pasan mucho tiempo al aire libre, especialmente cerca del agua debido al reflejo a\u00f1adido de los rayos del sol. Otros factores contribuyentes incluyen el humo, el polvo y otros irritantes.<\/p><hr \/><p>Un pterigi\u00f3n normalmente comienza a crecer cerca del interior del rabillo del ojo. A menudo se extiende hasta la c\u00f3rnea, hacia la pupila. Ambos ojos pueden verse afectados. Un pterigi\u00f3n puede crecer lo suficiente como para interferir con la vista y causar otros s\u00edntomas molestos. Si no causa muchos s\u00edntomas, se puede dejar tranquilo sin peligro.<\/p>\t\t\t\t\t\t\t\t<\/div>\n\t\t\t\t<\/div>\n\t\t\t\t<\/div>\n\t\t\t\t\t<\/div>\n\t\t\t\t<\/div>\n\t\t<div class=\"elementor-element elementor-element-25e23b4 e-flex e-con-boxed e-con e-parent\" data-id=\"25e23b4\" data-element_type=\"container\" data-e-type=\"container\">\n\t\t\t\t\t<div class=\"e-con-inner\">\n\t\t\t\t<div class=\"elementor-element elementor-element-e9890e7 elementor-widget-divider--view-line_icon elementor-view-default elementor-widget-divider--element-align-center elementor-widget elementor-widget-divider\" data-id=\"e9890e7\" data-element_type=\"widget\" data-e-type=\"widget\" data-widget_type=\"divider.default\">\n\t\t\t\t<div class=\"elementor-widget-container\">\n\t\t\t\t\t\t\t<div class=\"elementor-divider\">\n\t\t\t<span class=\"elementor-divider-separator\">\n\t\t\t\t\t\t\t<div class=\"elementor-icon elementor-divider__element\">\n\t\t\t\t\t<i aria-hidden=\"true\" class=\"fas fa-hand-holding-medical\"><\/i><\/div>\n\t\t\t\t\t\t<\/span>\n\t\t<\/div>\n\t\t\t\t\t\t<\/div>\n\t\t\t\t<\/div>\n\t\t\t\t\t<\/div>\n\t\t\t\t<\/div>\n\t\t<div class=\"elementor-element elementor-element-d5fbb5f e-flex e-con-boxed e-con e-parent\" data-id=\"d5fbb5f\" data-element_type=\"container\" data-e-type=\"container\">\n\t\t\t\t\t<div class=\"e-con-inner\">\n\t\t\t\t<div class=\"elementor-element elementor-element-94ef907 elementor-widget elementor-widget-heading\" data-id=\"94ef907\" data-element_type=\"widget\" data-e-type=\"widget\" data-widget_type=\"heading.default\">\n\t\t\t\t<div class=\"elementor-widget-container\">\n\t\t\t\t\t<h2 class=\"elementor-heading-title elementor-size-default\">Evaluaci\u00f3n de pterigi\u00f3n\n<\/h2>\t\t\t\t<\/div>\n\t\t\t\t<\/div>\n\t\t\t\t\t<\/div>\n\t\t\t\t<\/div>\n\t\t<div class=\"elementor-element elementor-element-2b446b0 e-flex e-con-boxed e-con e-parent\" data-id=\"2b446b0\" data-element_type=\"container\" data-e-type=\"container\">\n\t\t\t\t\t<div class=\"e-con-inner\">\n\t\t\t\t<div class=\"elementor-element elementor-element-dfc0edd elementor-widget elementor-widget-text-editor\" data-id=\"dfc0edd\" data-element_type=\"widget\" data-e-type=\"widget\" data-widget_type=\"text-editor.default\">\n\t\t\t\t<div class=\"elementor-widget-container\">\n\t\t\t\t\t\t\t\t\t<blockquote><p style=\"text-align: center;\"><span style=\"color: #999999;\"><span style=\"color: #003366;\"><strong>Dr. Jos\u00e9 Antonio Rodr\u00edguez Trevilla<\/strong> <\/span>will perform a comprehensive eye examination <\/span><span style=\"color: #999999;\">in order to diagnose and assess the severity of the Pterygium. <\/span><span style=\"color: #999999;\">Su tratamiento depende del tama\u00f1o y extensi\u00f3n del pterigi\u00f3n. Cuando hay un crecimiento r\u00e1pido del pterigi\u00f3n o cuando la visi\u00f3n est\u00e1 amenazada, el Dr. Rodr\u00edguez puede recomendar la extirpaci\u00f3n quir\u00fargica del pterigi\u00f3n, incluso si tiene s\u00edntomas m\u00ednimos.<\/span><\/p><\/blockquote>\t\t\t\t\t\t\t\t<\/div>\n\t\t\t\t<\/div>\n\t\t\t\t\t<\/div>\n\t\t\t\t<\/div>\n\t\t<div class=\"elementor-element elementor-element-6201e81 e-flex e-con-boxed e-con e-parent\" data-id=\"6201e81\" data-element_type=\"container\" data-e-type=\"container\">\n\t\t\t\t\t<div class=\"e-con-inner\">\n\t\t\t\t<div class=\"elementor-element elementor-element-bb0529d elementor-widget elementor-widget-heading\" data-id=\"bb0529d\" data-element_type=\"widget\" data-e-type=\"widget\" data-widget_type=\"heading.default\">\n\t\t\t\t<div class=\"elementor-widget-container\">\n\t\t\t\t\t<h3 class=\"elementor-heading-title elementor-size-default\">\u00bfCu\u00e1l es el mejor tratamiento para el pterigi\u00f3n?<\/h3>\t\t\t\t<\/div>\n\t\t\t\t<\/div>\n\t\t\t\t\t<\/div>\n\t\t\t\t<\/div>\n\t\t<div class=\"elementor-element elementor-element-5344071 e-flex e-con-boxed e-con e-parent\" data-id=\"5344071\" data-element_type=\"container\" data-e-type=\"container\">\n\t\t\t\t\t<div class=\"e-con-inner\">\n\t\t<div class=\"elementor-element elementor-element-ece7c40 e-con-full e-flex e-con e-child\" data-id=\"ece7c40\" data-element_type=\"container\" data-e-type=\"container\">\n\t\t\t\t<div class=\"elementor-element elementor-element-c8b5632 elementor-widget elementor-widget-text-editor\" data-id=\"c8b5632\" data-element_type=\"widget\" data-e-type=\"widget\" data-widget_type=\"text-editor.default\">\n\t\t\t\t<div class=\"elementor-widget-container\">\n\t\t\t\t\t\t\t\t\t<blockquote><p style=\"text-align: center;\"><span style=\"color: #808080;\">Los tratamientos incluyen protecci\u00f3n solar con el uso regular de gafas de sol envolventes y un sombrero de ala ancha, para reducir la exposici\u00f3n a los rayos UV y minimizar cualquier crecimiento adicional del pterigi\u00f3n. A veces se requieren gotas para los ojos para el alivio sintom\u00e1tico; sin embargo, esto no curar\u00e1 el pterigi\u00f3n.<\/span><\/p><\/blockquote>\t\t\t\t\t\t\t\t<\/div>\n\t\t\t\t<\/div>\n\t\t\t\t<\/div>\n\t\t<div class=\"elementor-element elementor-element-213ead3 e-con-full e-flex e-con e-child\" data-id=\"213ead3\" data-element_type=\"container\" data-e-type=\"container\">\n\t\t\t\t<div class=\"elementor-element elementor-element-b2b184a elementor-widget elementor-widget-text-editor\" data-id=\"b2b184a\" data-element_type=\"widget\" data-e-type=\"widget\" data-widget_type=\"text-editor.default\">\n\t\t\t\t<div class=\"elementor-widget-container\">\n\t\t\t\t\t\t\t\t\t<p style=\"text-align: center;\"><span style=\"color: #808080;\">El tratamiento quir\u00fargico se realiza en cirug\u00eda ambulatoria.<\/span><\/p><p style=\"text-align: center;\"><span style=\"color: #808080;\">El \u00faltimo avance en la cirug\u00eda de pterigi\u00f3n es la \u201cescisi\u00f3n de pterigi\u00f3n y autoinjerto conjuntival\u201d. Durante este procedimiento:<\/span><\/p><p style=\"text-align: center;\"><span style=\"color: #808080;\">se extirpa el pterigi\u00f3n,<\/span><br \/><span style=\"color: #808080;\">si el espacio en la conjuntiva dejado por la extirpaci\u00f3n del pterigi\u00f3n se rellena con un injerto de tejido conjuntival. (trasplante de la conjuntiva debajo del p\u00e1rpado superior). Este injerto se mantiene en su lugar mediante el uso de suturas muy finas o un pegamento especial.<\/span><\/p>\t\t\t\t\t\t\t\t<\/div>\n\t\t\t\t<\/div>\n\t\t\t\t<\/div>\n\t\t\t\t\t<\/div>\n\t\t\t\t<\/div>\n\t\t<div class=\"elementor-element elementor-element-9d2feab e-flex e-con-boxed e-con e-parent\" data-id=\"9d2feab\" data-element_type=\"container\" data-e-type=\"container\">\n\t\t\t\t\t<div class=\"e-con-inner\">\n\t\t\t\t<div class=\"elementor-element elementor-element-16a0403 elementor-widget-divider--view-line_icon elementor-view-default elementor-widget-divider--element-align-center elementor-widget elementor-widget-divider\" data-id=\"16a0403\" data-element_type=\"widget\" data-e-type=\"widget\" data-widget_type=\"divider.default\">\n\t\t\t\t<div class=\"elementor-widget-container\">\n\t\t\t\t\t\t\t<div class=\"elementor-divider\">\n\t\t\t<span class=\"elementor-divider-separator\">\n\t\t\t\t\t\t\t<div class=\"elementor-icon elementor-divider__element\">\n\t\t\t\t\t<i aria-hidden=\"true\" class=\"fas fa-hand-holding-medical\"><\/i><\/div>\n\t\t\t\t\t\t<\/span>\n\t\t<\/div>\n\t\t\t\t\t\t<\/div>\n\t\t\t\t<\/div>\n\t\t\t\t\t<\/div>\n\t\t\t\t<\/div>\n\t\t<div class=\"elementor-element elementor-element-cdf43d8 e-flex e-con-boxed e-con e-parent\" data-id=\"cdf43d8\" data-element_type=\"container\" data-e-type=\"container\">\n\t\t\t\t\t<div class=\"e-con-inner\">\n\t\t\t\t<div class=\"elementor-element elementor-element-cf52c30 elementor-widget elementor-widget-heading\" data-id=\"cf52c30\" data-element_type=\"widget\" data-e-type=\"widget\" data-widget_type=\"heading.default\">\n\t\t\t\t<div class=\"elementor-widget-container\">\n\t\t\t\t\t<h2 class=\"elementor-heading-title elementor-size-default\">Razones para la cirug\u00eda de pterigi\u00f3n<\/h2>\t\t\t\t<\/div>\n\t\t\t\t<\/div>\n\t\t\t\t\t<\/div>\n\t\t\t\t<\/div>\n\t\t<div class=\"elementor-element elementor-element-c46545f e-flex e-con-boxed e-con e-parent\" data-id=\"c46545f\" data-element_type=\"container\" data-e-type=\"container\">\n\t\t\t\t\t<div class=\"e-con-inner\">\n\t\t\t\t<div class=\"elementor-element elementor-element-24cd5fd elementor-widget elementor-widget-text-editor\" data-id=\"24cd5fd\" data-element_type=\"widget\" data-e-type=\"widget\" data-widget_type=\"text-editor.default\">\n\t\t\t\t<div class=\"elementor-widget-container\">\n\t\t\t\t\t\t\t\t\t<h4 style=\"text-align: center;\"><span style=\"color: #999999;\">Es posible que se requiera cirug\u00eda para pterigi\u00f3n si:<\/span><\/h4>\t\t\t\t\t\t\t\t<\/div>\n\t\t\t\t<\/div>\n\t\t\t\t<div class=\"elementor-element elementor-element-cbba0b6 elementor-icon-list--layout-traditional elementor-list-item-link-full_width elementor-widget elementor-widget-icon-list\" data-id=\"cbba0b6\" data-element_type=\"widget\" data-e-type=\"widget\" data-widget_type=\"icon-list.default\">\n\t\t\t\t<div class=\"elementor-widget-container\">\n\t\t\t\t\t\t\t<ul class=\"elementor-icon-list-items\">\n\t\t\t\t\t\t\t<li class=\"elementor-icon-list-item\">\n\t\t\t\t\t\t\t\t\t\t\t<span class=\"elementor-icon-list-icon\">\n\t\t\t\t\t\t\t<i aria-hidden=\"true\" class=\"fas fa-check-circle\"><\/i>\t\t\t\t\t\t<\/span>\n\t\t\t\t\t\t\t\t\t\t<span class=\"elementor-icon-list-text\">Su vision normal esta afectada<\/span>\n\t\t\t\t\t\t\t\t\t<\/li>\n\t\t\t\t\t\t\t\t<li class=\"elementor-icon-list-item\">\n\t\t\t\t\t\t\t\t\t\t\t<span class=\"elementor-icon-list-icon\">\n\t\t\t\t\t\t\t<i aria-hidden=\"true\" class=\"fas fa-check-circle\"><\/i>\t\t\t\t\t\t<\/span>\n\t\t\t\t\t\t\t\t\t\t<span class=\"elementor-icon-list-text\">Tienes irritaci\u00f3n, lagrimeo y malestar.<\/span>\n\t\t\t\t\t\t\t\t\t<\/li>\n\t\t\t\t\t\t\t\t<li class=\"elementor-icon-list-item\">\n\t\t\t\t\t\t\t\t\t\t\t<span class=\"elementor-icon-list-icon\">\n\t\t\t\t\t\t\t<i aria-hidden=\"true\" class=\"fas fa-check-circle\"><\/i>\t\t\t\t\t\t<\/span>\n\t\t\t\t\t\t\t\t\t\t<span class=\"elementor-icon-list-text\">Desarrolla o aumenta el error astigm\u00e1tico (correcci\u00f3n de gafas)<\/span>\n\t\t\t\t\t\t\t\t\t<\/li>\n\t\t\t\t\t\t\t\t<li class=\"elementor-icon-list-item\">\n\t\t\t\t\t\t\t\t\t\t\t<span class=\"elementor-icon-list-icon\">\n\t\t\t\t\t\t\t<i aria-hidden=\"true\" class=\"fas fa-check-circle\"><\/i>\t\t\t\t\t\t<\/span>\n\t\t\t\t\t\t\t\t\t\t<span class=\"elementor-icon-list-text\">Tienes enrojecimiento en apariencia.<\/span>\n\t\t\t\t\t\t\t\t\t<\/li>\n\t\t\t\t\t\t\t\t<li class=\"elementor-icon-list-item\">\n\t\t\t\t\t\t\t\t\t\t\t<span class=\"elementor-icon-list-icon\">\n\t\t\t\t\t\t\t<i aria-hidden=\"true\" class=\"fas fa-check-circle\"><\/i>\t\t\t\t\t\t<\/span>\n\t\t\t\t\t\t\t\t\t\t<span class=\"elementor-icon-list-text\">Tiene dificultades para usar lentes de contacto.<\/span>\n\t\t\t\t\t\t\t\t\t<\/li>\n\t\t\t\t\t\t\t\t<li class=\"elementor-icon-list-item\">\n\t\t\t\t\t\t\t\t\t\t\t<span class=\"elementor-icon-list-icon\">\n\t\t\t\t\t\t\t<i aria-hidden=\"true\" class=\"fas fa-check-circle\"><\/i>\t\t\t\t\t\t<\/span>\n\t\t\t\t\t\t\t\t\t\t<span class=\"elementor-icon-list-text\">Tiene dificultades para usar lentes de contacto.<\/span>\n\t\t\t\t\t\t\t\t\t<\/li>\n\t\t\t\t\t\t<\/ul>\n\t\t\t\t\t\t<\/div>\n\t\t\t\t<\/div>\n\t\t\t\t\t<\/div>\n\t\t\t\t<\/div>\n\t\t<div class=\"elementor-element elementor-element-7b0f0c4 e-flex e-con-boxed e-con e-parent\" data-id=\"7b0f0c4\" data-element_type=\"container\" data-e-type=\"container\">\n\t\t\t\t\t<div class=\"e-con-inner\">\n\t\t\t\t<div class=\"elementor-element elementor-element-dd9d026 elementor-widget-divider--view-line_icon elementor-view-default elementor-widget-divider--element-align-center elementor-widget elementor-widget-divider\" data-id=\"dd9d026\" data-element_type=\"widget\" data-e-type=\"widget\" data-widget_type=\"divider.default\">\n\t\t\t\t<div class=\"elementor-widget-container\">\n\t\t\t\t\t\t\t<div class=\"elementor-divider\">\n\t\t\t<span class=\"elementor-divider-separator\">\n\t\t\t\t\t\t\t<div class=\"elementor-icon elementor-divider__element\">\n\t\t\t\t\t<i aria-hidden=\"true\" class=\"fas fa-hand-holding-medical\"><\/i><\/div>\n\t\t\t\t\t\t<\/span>\n\t\t<\/div>\n\t\t\t\t\t\t<\/div>\n\t\t\t\t<\/div>\n\t\t\t\t\t<\/div>\n\t\t\t\t<\/div>\n\t\t<div class=\"elementor-element elementor-element-04ca3e2 e-flex e-con-boxed e-con e-parent\" data-id=\"04ca3e2\" data-element_type=\"container\" data-e-type=\"container\" data-settings=\"{&quot;background_background&quot;:&quot;classic&quot;}\">\n\t\t\t\t\t<div class=\"e-con-inner\">\n\t\t\t\t<div class=\"elementor-element elementor-element-0988a67 elementor-widget elementor-widget-text-editor\" data-id=\"0988a67\" data-element_type=\"widget\" data-e-type=\"widget\" data-widget_type=\"text-editor.default\">\n\t\t\t\t<div class=\"elementor-widget-container\">\n\t\t\t\t\t\t\t\t\t<blockquote><h3 style=\"text-align: center;\"><span style=\"color: #33cccc;\">CONTACT DR. JOSE ANTONIO RODRIGUEZ<\/span><\/h3><h3 style=\"text-align: center;\"><span style=\"color: #33cccc;\">VISION LASER VALLARTA<\/span><\/h3><h3 style=\"text-align: center;\">Ophthalmologist Puerto Vallarta<\/h3><\/blockquote>\t\t\t\t\t\t\t\t<\/div>\n\t\t\t\t<\/div>\n\t\t\t\t<div class=\"elementor-element elementor-element-7a8e3cf1 elementor-view-default elementor-position-block-start elementor-mobile-position-block-start elementor-widget elementor-widget-icon-box\" data-id=\"7a8e3cf1\" data-element_type=\"widget\" data-e-type=\"widget\" data-widget_type=\"icon-box.default\">\n\t\t\t\t<div class=\"elementor-widget-container\">\n\t\t\t\t\t\t\t<div class=\"elementor-icon-box-wrapper\">\n\n\t\t\t\t\t\t<div class=\"elementor-icon-box-icon\">\n\t\t\t\t<span  class=\"elementor-icon\">\n\t\t\t\t<i aria-hidden=\"true\" class=\"fas fa-home\"><\/i>\t\t\t\t<\/span>\n\t\t\t<\/div>\n\t\t\t\n\t\t\t\t\t\t<div class=\"elementor-icon-box-content\">\n\n\t\t\t\t\t\t\t\t\t<h3 class=\"elementor-icon-box-title\">\n\t\t\t\t\t\t<span  >\n\t\t\t\t\t\t\tVision Laser Vallarta\t\t\t\t\t\t<\/span>\n\t\t\t\t\t<\/h3>\n\t\t\t\t\n\t\t\t\t\t\t\t\t\t<p class=\"elementor-icon-box-description\">\n\t\t\t\t\t\tPavo Real  No.158 \nColonia, Las Aralias, 48328 Puerto Vallarta, Jal. \n\t\t\t\t\t<\/p>\n\t\t\t\t\n\t\t\t<\/div>\n\t\t\t\n\t\t<\/div>\n\t\t\t\t\t\t<\/div>\n\t\t\t\t<\/div>\n\t\t\t\t<div class=\"elementor-element elementor-element-3bc9db3b elementor-widget elementor-widget-google_maps\" data-id=\"3bc9db3b\" data-element_type=\"widget\" data-e-type=\"widget\" data-widget_type=\"google_maps.default\">\n\t\t\t\t<div class=\"elementor-widget-container\">\n\t\t\t\t\t\t\t<div class=\"elementor-custom-embed\">\n\t\t\t<iframe loading=\"lazy\"\n\t\t\t\t\tsrc=\"https:\/\/maps.google.com\/maps?q=vision%20laser&#038;t=m&#038;z=15&#038;output=embed&#038;iwloc=near\"\n\t\t\t\t\ttitle=\"vision laser\"\n\t\t\t\t\taria-label=\"vision laser\"\n\t\t\t><\/iframe>\n\t\t<\/div>\n\t\t\t\t\t\t<\/div>\n\t\t\t\t<\/div>\n\t\t\t\t\t<\/div>\n\t\t\t\t<\/div>\n\t\t<div class=\"elementor-element elementor-element-1e345f4 e-flex e-con-boxed e-con e-parent\" data-id=\"1e345f4\" data-element_type=\"container\" data-e-type=\"container\">\n\t\t\t\t\t<div class=\"e-con-inner\">\n\t\t\t\t<div class=\"elementor-element elementor-element-132fb91f elementor-view-default elementor-position-block-start elementor-mobile-position-block-start elementor-widget elementor-widget-icon-box\" data-id=\"132fb91f\" data-element_type=\"widget\" data-e-type=\"widget\" data-widget_type=\"icon-box.default\">\n\t\t\t\t<div class=\"elementor-widget-container\">\n\t\t\t\t\t\t\t<div class=\"elementor-icon-box-wrapper\">\n\n\t\t\t\t\t\t<div class=\"elementor-icon-box-icon\">\n\t\t\t\t<span  class=\"elementor-icon\">\n\t\t\t\t<i aria-hidden=\"true\" class=\"fas fa-phone\"><\/i>\t\t\t\t<\/span>\n\t\t\t<\/div>\n\t\t\t\n\t\t\t\t\t\t<div class=\"elementor-icon-box-content\">\n\n\t\t\t\t\t\t\t\t\t<h3 class=\"elementor-icon-box-title\">\n\t\t\t\t\t\t<span  >\n\t\t\t\t\t\t\tLlame para hacer una cita\t\t\t\t\t\t<\/span>\n\t\t\t\t\t<\/h3>\n\t\t\t\t\n\t\t\t\t\t\t\t\t\t<p class=\"elementor-icon-box-description\">\n\t\t\t\t\t\t011 (+52) 322 229 03 10\t\t\t\t\t<\/p>\n\t\t\t\t\n\t\t\t<\/div>\n\t\t\t\n\t\t<\/div>\n\t\t\t\t\t\t<\/div>\n\t\t\t\t<\/div>\n\t\t\t\t\t<\/div>\n\t\t\t\t<\/div>\n\t\t<div class=\"elementor-element elementor-element-7621d45d e-flex e-con-boxed e-con e-parent\" data-id=\"7621d45d\" data-element_type=\"container\" data-e-type=\"container\" data-settings=\"{&quot;background_background&quot;:&quot;classic&quot;}\">\n\t\t\t\t\t<div class=\"e-con-inner\">\n\t\t<div class=\"elementor-element elementor-element-2bf12661 e-con-full e-flex e-con e-child\" data-id=\"2bf12661\" data-element_type=\"container\" data-e-type=\"container\">\n\t\t\t\t<div class=\"elementor-element elementor-element-19a8956 elementor-view-default elementor-position-block-start elementor-mobile-position-block-start elementor-widget elementor-widget-icon-box\" data-id=\"19a8956\" data-element_type=\"widget\" data-e-type=\"widget\" data-widget_type=\"icon-box.default\">\n\t\t\t\t<div class=\"elementor-widget-container\">\n\t\t\t\t\t\t\t<div class=\"elementor-icon-box-wrapper\">\n\n\t\t\t\t\t\t<div class=\"elementor-icon-box-icon\">\n\t\t\t\t<span  class=\"elementor-icon\">\n\t\t\t\t<i aria-hidden=\"true\" class=\"fas fa-at\"><\/i>\t\t\t\t<\/span>\n\t\t\t<\/div>\n\t\t\t\n\t\t\t\t\t\t<div class=\"elementor-icon-box-content\">\n\n\t\t\t\t\t\t\t\t\t<h3 class=\"elementor-icon-box-title\">\n\t\t\t\t\t\t<span  >\n\t\t\t\t\t\t\tEnvie un email\t\t\t\t\t\t<\/span>\n\t\t\t\t\t<\/h3>\n\t\t\t\t\n\t\t\t\t\t\t\t\t\t<p class=\"elementor-icon-box-description\">\n\t\t\t\t\t\tvisionlaserpuertovallarta@gmail.com\t\t\t\t\t<\/p>\n\t\t\t\t\n\t\t\t<\/div>\n\t\t\t\n\t\t<\/div>\n\t\t\t\t\t\t<\/div>\n\t\t\t\t<\/div>\n\t\t\t\t<div class=\"elementor-element elementor-element-15df0233 elementor-widget elementor-widget-image\" data-id=\"15df0233\" data-element_type=\"widget\" data-e-type=\"widget\" data-widget_type=\"image.default\">\n\t\t\t\t<div class=\"elementor-widget-container\">\n\t\t\t\t\t\t\t\t\t\t\t\t\t\t\t<img decoding=\"async\" width=\"1024\" height=\"537\" src=\"https:\/\/u-medicare.com\/wp-content\/uploads\/2019\/06\/logo-png-1024x537.png\" class=\"attachment-large size-large wp-image-5226\" alt=\"\" srcset=\"https:\/\/u-medicare.com\/wp-content\/uploads\/2019\/06\/logo-png-1024x537.png 1024w, https:\/\/u-medicare.com\/wp-content\/uploads\/2019\/06\/logo-png-300x157.png 300w, https:\/\/u-medicare.com\/wp-content\/uploads\/2019\/06\/logo-png-768x403.png 768w, https:\/\/u-medicare.com\/wp-content\/uploads\/2019\/06\/logo-png-1536x806.png 1536w, https:\/\/u-medicare.com\/wp-content\/uploads\/2019\/06\/logo-png-18x9.png 18w, https:\/\/u-medicare.com\/wp-content\/uploads\/2019\/06\/logo-png.png 1578w\" sizes=\"(max-width: 1024px) 100vw, 1024px\" \/>\t\t\t\t\t\t\t\t\t\t\t\t\t\t\t<\/div>\n\t\t\t\t<\/div>\n\t\t\t\t<div class=\"elementor-element elementor-element-2adca43d elementor-widget-divider--view-line_icon elementor-view-default elementor-widget-divider--element-align-center elementor-widget elementor-widget-divider\" data-id=\"2adca43d\" data-element_type=\"widget\" data-e-type=\"widget\" data-widget_type=\"divider.default\">\n\t\t\t\t<div class=\"elementor-widget-container\">\n\t\t\t\t\t\t\t<div class=\"elementor-divider\">\n\t\t\t<span class=\"elementor-divider-separator\">\n\t\t\t\t\t\t\t<div class=\"elementor-icon elementor-divider__element\">\n\t\t\t\t\t<i aria-hidden=\"true\" class=\"fas fa-hand-holding-medical\"><\/i><\/div>\n\t\t\t\t\t\t<\/span>\n\t\t<\/div>\n\t\t\t\t\t\t<\/div>\n\t\t\t\t<\/div>\n\t\t\t\t<\/div>\n\t\t<div class=\"elementor-element elementor-element-5ffbcd62 e-con-full e-flex e-con e-child\" data-id=\"5ffbcd62\" data-element_type=\"container\" data-e-type=\"container\">\n\t\t\t\t<div class=\"elementor-element elementor-element-57ae65be elementor-view-default elementor-position-block-start elementor-mobile-position-block-start elementor-widget elementor-widget-icon-box\" data-id=\"57ae65be\" data-element_type=\"widget\" data-e-type=\"widget\" data-widget_type=\"icon-box.default\">\n\t\t\t\t<div class=\"elementor-widget-container\">\n\t\t\t\t\t\t\t<div class=\"elementor-icon-box-wrapper\">\n\n\t\t\t\t\t\t<div class=\"elementor-icon-box-icon\">\n\t\t\t\t<a href=\"https:\/\/www.facebook.com\/VisionLaserVallarta\" class=\"elementor-icon\" tabindex=\"-1\" aria-label=\"Siganos en Facebook\">\n\t\t\t\t<i aria-hidden=\"true\" class=\"fab fa-facebook\"><\/i>\t\t\t\t<\/a>\n\t\t\t<\/div>\n\t\t\t\n\t\t\t\t\t\t<div class=\"elementor-icon-box-content\">\n\n\t\t\t\t\t\t\t\t\t<h3 class=\"elementor-icon-box-title\">\n\t\t\t\t\t\t<a href=\"https:\/\/www.facebook.com\/VisionLaserVallarta\" >\n\t\t\t\t\t\t\tSiganos en Facebook\t\t\t\t\t\t<\/a>\n\t\t\t\t\t<\/h3>\n\t\t\t\t\n\t\t\t\t\n\t\t\t<\/div>\n\t\t\t\n\t\t<\/div>\n\t\t\t\t\t\t<\/div>\n\t\t\t\t<\/div>\n\t\t\t\t<div class=\"elementor-element elementor-element-507558b5 elementor-widget elementor-widget-image\" data-id=\"507558b5\" data-element_type=\"widget\" data-e-type=\"widget\" data-widget_type=\"image.default\">\n\t\t\t\t<div class=\"elementor-widget-container\">\n\t\t\t\t\t\t\t\t\t\t\t\t\t\t\t<img loading=\"lazy\" decoding=\"async\" width=\"1500\" height=\"1000\" src=\"https:\/\/u-medicare.com\/wp-content\/uploads\/2019\/06\/vision-laser-vallarta-1.jpg\" class=\"attachment-1536x1536 size-1536x1536 wp-image-5225\" alt=\"\" srcset=\"https:\/\/u-medicare.com\/wp-content\/uploads\/2019\/06\/vision-laser-vallarta-1.jpg 1500w, https:\/\/u-medicare.com\/wp-content\/uploads\/2019\/06\/vision-laser-vallarta-1-300x200.jpg 300w, https:\/\/u-medicare.com\/wp-content\/uploads\/2019\/06\/vision-laser-vallarta-1-1024x683.jpg 1024w, https:\/\/u-medicare.com\/wp-content\/uploads\/2019\/06\/vision-laser-vallarta-1-768x512.jpg 768w, https:\/\/u-medicare.com\/wp-content\/uploads\/2019\/06\/vision-laser-vallarta-1-18x12.jpg 18w\" sizes=\"(max-width: 1500px) 100vw, 1500px\" \/>\t\t\t\t\t\t\t\t\t\t\t\t\t\t\t<\/div>\n\t\t\t\t<\/div>\n\t\t\t\t<\/div>\n\t\t\t\t\t<\/div>\n\t\t\t\t<\/div>\n\t\t\t\t<\/div>","protected":false},"excerpt":{"rendered":"<p>What is a Pterygium? A Pterygium is a benign or non-cancerous overgrowth of the conjunctiva. It can appear as a wedge-shaped growth of thickened tissue that covers the white part of the eye. It starts on the conjunctiva of the eye (the thin layer that covers the white part of the eye or sclera) and &hellip;<\/p>\n<p class=\"read-more\"> <a class=\"\" href=\"https:\/\/u-medicare.com\/es\/pterygium-surfers-eye-in-puerto-vallarta\/\"> <span class=\"screen-reader-text\">Pterigion-Carnosidad<\/span> Leer m\u00e1s &raquo;<\/a><\/p>","protected":false},"author":1,"featured_media":2834,"comment_status":"closed","ping_status":"closed","sticky":false,"template":"","format":"standard","meta":{"site-sidebar-layout":"default","site-content-layout":"","ast-site-content-layout":"","site-content-style":"default","site-sidebar-style":"default","ast-global-header-display":"","ast-banner-title-visibility":"","ast-main-header-display":"","ast-hfb-above-header-display":"","ast-hfb-below-header-display":"","ast-hfb-mobile-header-display":"","site-post-title":"","ast-breadcrumbs-content":"","ast-featured-img":"","footer-sml-layout":"","theme-transparent-header-meta":"","adv-header-id-meta":"","stick-header-meta":"","header-above-stick-meta":"","header-main-stick-meta":"","header-below-stick-meta":"","astra-migrate-meta-layouts":"","footnotes":""},"categories":[38],"tags":[],"class_list":["post-2892","post","type-post","status-publish","format-standard","has-post-thumbnail","hentry","category-ophthalmology"],"_links":{"self":[{"href":"https:\/\/u-medicare.com\/es\/wp-json\/wp\/v2\/posts\/2892","targetHints":{"allow":["GET"]}}],"collection":[{"href":"https:\/\/u-medicare.com\/es\/wp-json\/wp\/v2\/posts"}],"about":[{"href":"https:\/\/u-medicare.com\/es\/wp-json\/wp\/v2\/types\/post"}],"author":[{"embeddable":true,"href":"https:\/\/u-medicare.com\/es\/wp-json\/wp\/v2\/users\/1"}],"replies":[{"embeddable":true,"href":"https:\/\/u-medicare.com\/es\/wp-json\/wp\/v2\/comments?post=2892"}],"version-history":[{"count":24,"href":"https:\/\/u-medicare.com\/es\/wp-json\/wp\/v2\/posts\/2892\/revisions"}],"predecessor-version":[{"id":6176,"href":"https:\/\/u-medicare.com\/es\/wp-json\/wp\/v2\/posts\/2892\/revisions\/6176"}],"wp:featuredmedia":[{"embeddable":true,"href":"https:\/\/u-medicare.com\/es\/wp-json\/wp\/v2\/media\/2834"}],"wp:attachment":[{"href":"https:\/\/u-medicare.com\/es\/wp-json\/wp\/v2\/media?parent=2892"}],"wp:term":[{"taxonomy":"category","embeddable":true,"href":"https:\/\/u-medicare.com\/es\/wp-json\/wp\/v2\/categories?post=2892"},{"taxonomy":"post_tag","embeddable":true,"href":"https:\/\/u-medicare.com\/es\/wp-json\/wp\/v2\/tags?post=2892"}],"curies":[{"name":"wp","href":"https:\/\/api.w.org\/{rel}","templated":true}]}}