{"id":3902,"date":"2020-07-21T18:37:09","date_gmt":"2020-07-21T18:37:09","guid":{"rendered":"http:\/\/u-medicare.com\/?p=3902"},"modified":"2024-06-22T17:54:09","modified_gmt":"2024-06-22T17:54:09","slug":"age-related-macular-degeneration-amd-treatment-puerto-vallarta","status":"publish","type":"post","link":"https:\/\/u-medicare.com\/es\/age-related-macular-degeneration-amd-treatment-puerto-vallarta\/","title":{"rendered":"Tratamiento de la degeneraci\u00f3n macular relacionada con la edad (AMD) Puerto Vallarta"},"content":{"rendered":"<div data-elementor-type=\"wp-post\" data-elementor-id=\"3902\" class=\"elementor elementor-3902\" data-elementor-post-type=\"post\">\n\t\t\t\t<div class=\"elementor-element elementor-element-fc10d9d e-flex e-con-boxed e-con e-parent\" data-id=\"fc10d9d\" data-element_type=\"container\" data-e-type=\"container\">\n\t\t\t\t\t<div class=\"e-con-inner\">\n\t\t\t\t<div class=\"elementor-element elementor-element-d541239 elementor-widget elementor-widget-image\" data-id=\"d541239\" data-element_type=\"widget\" data-e-type=\"widget\" data-widget_type=\"image.default\">\n\t\t\t\t<div class=\"elementor-widget-container\">\n\t\t\t\t\t\t\t\t\t\t\t\t\t\t\t<img fetchpriority=\"high\" decoding=\"async\" width=\"1024\" height=\"655\" src=\"http:\/\/u-medicare.com\/wp-content\/uploads\/2024\/06\/Tratamiento-Degeneracion-Macular-Relacionada-con-la-edad-puerto-vallarta-mexico-scaled.jpeg\" class=\"attachment-large size-large wp-image-5256\" alt=\"\" srcset=\"https:\/\/u-medicare.com\/wp-content\/uploads\/2024\/06\/Tratamiento-Degeneracion-Macular-Relacionada-con-la-edad-puerto-vallarta-mexico-scaled.jpeg 2560w, https:\/\/u-medicare.com\/wp-content\/uploads\/2024\/06\/Tratamiento-Degeneracion-Macular-Relacionada-con-la-edad-puerto-vallarta-mexico-300x192.jpeg 300w, https:\/\/u-medicare.com\/wp-content\/uploads\/2024\/06\/Tratamiento-Degeneracion-Macular-Relacionada-con-la-edad-puerto-vallarta-mexico-1024x655.jpeg 1024w, https:\/\/u-medicare.com\/wp-content\/uploads\/2024\/06\/Tratamiento-Degeneracion-Macular-Relacionada-con-la-edad-puerto-vallarta-mexico-768x492.jpeg 768w, https:\/\/u-medicare.com\/wp-content\/uploads\/2024\/06\/Tratamiento-Degeneracion-Macular-Relacionada-con-la-edad-puerto-vallarta-mexico-1536x983.jpeg 1536w, https:\/\/u-medicare.com\/wp-content\/uploads\/2024\/06\/Tratamiento-Degeneracion-Macular-Relacionada-con-la-edad-puerto-vallarta-mexico-2048x1311.jpeg 2048w, https:\/\/u-medicare.com\/wp-content\/uploads\/2024\/06\/Tratamiento-Degeneracion-Macular-Relacionada-con-la-edad-puerto-vallarta-mexico-18x12.jpeg 18w\" sizes=\"(max-width: 1024px) 100vw, 1024px\" \/>\t\t\t\t\t\t\t\t\t\t\t\t\t\t\t<\/div>\n\t\t\t\t<\/div>\n\t\t\t\t\t<\/div>\n\t\t\t\t<\/div>\n\t\t<div class=\"elementor-element elementor-element-313e0bc e-flex e-con-boxed e-con e-parent\" data-id=\"313e0bc\" data-element_type=\"container\" data-e-type=\"container\">\n\t\t\t\t\t<div class=\"e-con-inner\">\n\t\t\t\t<div class=\"elementor-element elementor-element-7be9797 elementor-widget elementor-widget-text-editor\" data-id=\"7be9797\" data-element_type=\"widget\" data-e-type=\"widget\" data-widget_type=\"text-editor.default\">\n\t\t\t\t<div class=\"elementor-widget-container\">\n\t\t\t\t\t\t\t\t\t<blockquote>\n<h1 style=\"text-align: center;\"><span style=\"color: #003366;\">\u00bfQu\u00e9 es la degeneraci\u00f3n macuar relacionada con la edad (DMAE)?<\/span><\/h1>\n<\/blockquote>\n<blockquote>\n<h4><span style=\"color: #999999;\">La degeneraci\u00f3n macular relacionada con la edad (DMAE) es una enfermedad ocular que puede nublar la visi\u00f3n central. Ocurre cuando el envejecimiento causa da\u00f1o a la m\u00e1cula, la parte del ojo que controla la visi\u00f3n n\u00edtida y recta. La m\u00e1cula es parte de la retina (el tejido sensible a la luz en la parte posterior del ojo).<\/span><\/h4>\n<h4><span style=\"color: #999999;\">La DMAE es una afecci\u00f3n com\u00fan: es una de las principales causas de p\u00e9rdida de visi\u00f3n en los adultos mayores. La DMAE no causa ceguera total, pero perder la visi\u00f3n central puede dificultar ver las caras, leer, conducir o realizar trabajos de cerca, como cocinar o arreglar cosas en la casa.<\/span><\/h4>\n<\/blockquote>\t\t\t\t\t\t\t\t<\/div>\n\t\t\t\t<\/div>\n\t\t\t\t\t<\/div>\n\t\t\t\t<\/div>\n\t\t<div class=\"elementor-element elementor-element-7890ce8 e-flex e-con-boxed e-con e-parent\" data-id=\"7890ce8\" data-element_type=\"container\" data-e-type=\"container\">\n\t\t\t\t\t<div class=\"e-con-inner\">\n\t\t\t\t<div class=\"elementor-element elementor-element-3f1b1e1 elementor-widget-divider--view-line_icon elementor-view-default elementor-widget-divider--element-align-center elementor-widget elementor-widget-divider\" data-id=\"3f1b1e1\" data-element_type=\"widget\" data-e-type=\"widget\" data-widget_type=\"divider.default\">\n\t\t\t\t<div class=\"elementor-widget-container\">\n\t\t\t\t\t\t\t<div class=\"elementor-divider\">\n\t\t\t<span class=\"elementor-divider-separator\">\n\t\t\t\t\t\t\t<div class=\"elementor-icon elementor-divider__element\">\n\t\t\t\t\t<i aria-hidden=\"true\" class=\"fas fa-hand-holding-medical\"><\/i><\/div>\n\t\t\t\t\t\t<\/span>\n\t\t<\/div>\n\t\t\t\t\t\t<\/div>\n\t\t\t\t<\/div>\n\t\t\t\t\t<\/div>\n\t\t\t\t<\/div>\n\t\t<div class=\"elementor-element elementor-element-e0c8436 e-flex e-con-boxed e-con e-parent\" data-id=\"e0c8436\" data-element_type=\"container\" data-e-type=\"container\">\n\t\t\t\t\t<div class=\"e-con-inner\">\n\t\t<div class=\"elementor-element elementor-element-c6a4003 e-con-full e-flex e-con e-child\" data-id=\"c6a4003\" data-element_type=\"container\" data-e-type=\"container\">\n\t\t\t\t<div class=\"elementor-element elementor-element-f0052d9 elementor-widget elementor-widget-text-editor\" data-id=\"f0052d9\" data-element_type=\"widget\" data-e-type=\"widget\" data-widget_type=\"text-editor.default\">\n\t\t\t\t<div class=\"elementor-widget-container\">\n\t\t\t\t\t\t\t\t\t<h4 style=\"text-align: center;\"><span style=\"color: #808080;\">La DMAE es una afecci\u00f3n com\u00fan: es una de las principales causas de p\u00e9rdida de visi\u00f3n en los adultos mayores. La DMAE no causa ceguera total, pero perder la visi\u00f3n central puede dificultar ver las caras, leer, conducir o realizar trabajos de cerca, como cocinar o arreglar cosas en la casa.<\/span><\/h4>\n<hr \/>\n<h4 style=\"text-align: center;\">\u00a0<\/h4>\n<h4 style=\"text-align: center;\"><span style=\"color: #808080;\">La DMAE ocurre muy lentamente en algunas personas y m\u00e1s r\u00e1pido en otras. Si tiene DMAE temprana, es posible que no note p\u00e9rdida de visi\u00f3n durante mucho tiempo. Por eso es importante hacerse ex\u00e1menes oculares peri\u00f3dicos para saber si tiene DMAE.<\/span>.<\/h4>\t\t\t\t\t\t\t\t<\/div>\n\t\t\t\t<\/div>\n\t\t\t\t<\/div>\n\t\t<div class=\"elementor-element elementor-element-2846621 e-con-full e-flex e-con e-child\" data-id=\"2846621\" data-element_type=\"container\" data-e-type=\"container\">\n\t\t\t\t<div class=\"elementor-element elementor-element-66c6d6b elementor-widget elementor-widget-image\" data-id=\"66c6d6b\" data-element_type=\"widget\" data-e-type=\"widget\" data-widget_type=\"image.default\">\n\t\t\t\t<div class=\"elementor-widget-container\">\n\t\t\t\t\t\t\t\t\t\t\t\t\t\t\t<img decoding=\"async\" width=\"931\" height=\"643\" src=\"https:\/\/u-medicare.com\/wp-content\/uploads\/2020\/07\/amd-graphic.jpg\" class=\"attachment-large size-large wp-image-5257\" alt=\"\" srcset=\"https:\/\/u-medicare.com\/wp-content\/uploads\/2020\/07\/amd-graphic.jpg 931w, https:\/\/u-medicare.com\/wp-content\/uploads\/2020\/07\/amd-graphic-300x207.jpg 300w, https:\/\/u-medicare.com\/wp-content\/uploads\/2020\/07\/amd-graphic-768x530.jpg 768w, https:\/\/u-medicare.com\/wp-content\/uploads\/2020\/07\/amd-graphic-18x12.jpg 18w\" sizes=\"(max-width: 931px) 100vw, 931px\" \/>\t\t\t\t\t\t\t\t\t\t\t\t\t\t\t<\/div>\n\t\t\t\t<\/div>\n\t\t\t\t<\/div>\n\t\t\t\t\t<\/div>\n\t\t\t\t<\/div>\n\t\t<div class=\"elementor-element elementor-element-ce1b0b5 e-flex e-con-boxed e-con e-parent\" data-id=\"ce1b0b5\" data-element_type=\"container\" data-e-type=\"container\">\n\t\t\t\t\t<div class=\"e-con-inner\">\n\t\t\t\t<div class=\"elementor-element elementor-element-19d37d5 elementor-widget-divider--view-line_icon elementor-view-default elementor-widget-divider--element-align-center elementor-widget elementor-widget-divider\" data-id=\"19d37d5\" data-element_type=\"widget\" data-e-type=\"widget\" data-widget_type=\"divider.default\">\n\t\t\t\t<div class=\"elementor-widget-container\">\n\t\t\t\t\t\t\t<div class=\"elementor-divider\">\n\t\t\t<span class=\"elementor-divider-separator\">\n\t\t\t\t\t\t\t<div class=\"elementor-icon elementor-divider__element\">\n\t\t\t\t\t<i aria-hidden=\"true\" class=\"fas fa-hand-holding-medical\"><\/i><\/div>\n\t\t\t\t\t\t<\/span>\n\t\t<\/div>\n\t\t\t\t\t\t<\/div>\n\t\t\t\t<\/div>\n\t\t\t\t\t<\/div>\n\t\t\t\t<\/div>\n\t\t<div class=\"elementor-element elementor-element-07487cc e-flex e-con-boxed e-con e-parent\" data-id=\"07487cc\" data-element_type=\"container\" data-e-type=\"container\">\n\t\t\t\t\t<div class=\"e-con-inner\">\n\t\t\t\t<div class=\"elementor-element elementor-element-03c91ca elementor-widget elementor-widget-text-editor\" data-id=\"03c91ca\" data-element_type=\"widget\" data-e-type=\"widget\" data-widget_type=\"text-editor.default\">\n\t\t\t\t<div class=\"elementor-widget-container\">\n\t\t\t\t\t\t\t\t\t<blockquote><h2 style=\"text-align: center;\"><span style=\"color: #003366;\">\u00bfCu\u00e1les son los s\u00edntomas de la DMAE?<\/span><\/h2><h4 style=\"text-align: center;\"><span style=\"color: #999999;\">Los s\u00edntomas de la DMAE dependen de la etapa. La DMAE seca ocurre en 3 etapas: temprana, intermedia y tard\u00eda. La DMAE es una enfermedad progresiva, lo que significa que los s\u00edntomas suelen empeorar con el tiempo.<\/span><\/h4><h4 style=\"text-align: center;\"><span style=\"color: #999999;\">La DMAE seca temprana no causa ning\u00fan s\u00edntoma.<\/span><br \/><span style=\"color: #999999;\">En la DMAE seca intermedia, algunas personas a\u00fan no presentan s\u00edntomas. Otros pueden notar s\u00edntomas leves, como una leve visi\u00f3n borrosa en la visi\u00f3n central o problemas para ver con poca luz.<\/span><\/h4><h4 style=\"text-align: center;\"><br \/><span style=\"color: #999999;\">En la DMAE tard\u00eda (tipo h\u00famedo o seco), muchas personas notan que las l\u00edneas rectas comienzan a verse onduladas o torcidas. Tambi\u00e9n puede notar un \u00e1rea borrosa cerca del centro de su visi\u00f3n. Con el tiempo, esta \u00e1rea borrosa puede hacerse m\u00e1s grande o es posible que veas puntos en blanco. Los colores tambi\u00e9n pueden parecer menos brillantes que antes y es posible que tenga m\u00e1s problemas para ver con poca luz.<\/span><\/h4><h4 style=\"text-align: center;\"><br \/><span style=\"color: #999999;\">Las l\u00edneas rectas que parecen onduladas son una se\u00f1al de advertencia de DMAE tard\u00eda. Si nota este s\u00edntoma, consulte a su oftalm\u00f3logo de inmediato.<\/span><\/h4><\/blockquote>\t\t\t\t\t\t\t\t<\/div>\n\t\t\t\t<\/div>\n\t\t\t\t\t<\/div>\n\t\t\t\t<\/div>\n\t\t<div class=\"elementor-element elementor-element-c0d9b71 e-flex e-con-boxed e-con e-parent\" data-id=\"c0d9b71\" data-element_type=\"container\" data-e-type=\"container\">\n\t\t\t\t\t<div class=\"e-con-inner\">\n\t\t<div class=\"elementor-element elementor-element-7e06518 e-con-full e-flex e-con e-child\" data-id=\"7e06518\" data-element_type=\"container\" data-e-type=\"container\">\n\t\t\t\t<div class=\"elementor-element elementor-element-9a75b59 elementor-widget elementor-widget-text-editor\" data-id=\"9a75b59\" data-element_type=\"widget\" data-e-type=\"widget\" data-widget_type=\"text-editor.default\">\n\t\t\t\t<div class=\"elementor-widget-container\">\n\t\t\t\t\t\t\t\t\t<h4 style=\"text-align: center;\"><span style=\"color: #003366;\">\u00bfC\u00f3mo comprobar\u00e1 mi oftalm\u00f3logo si hay DMAE?<\/span><\/h4>\n<h4 style=\"text-align: center;\"><br \/><span style=\"color: #808080;\">Los oftalm\u00f3logos pueden detectar DMAE como parte de un examen completo de la vista con dilataci\u00f3n de las pupilas. El examen es sencillo e indoloro: su m\u00e9dico le aplicar\u00e1 unas gotas para los ojos para dilatar (ensanchar) la pupila y luego le examinar\u00e1 los ojos para detectar DMAE y otros problemas oculares.<\/span><\/h4>\n<h4 style=\"text-align: center;\"><span style=\"color: #808080;\">Su m\u00e9dico tambi\u00e9n puede recomendarle realizar una prueba llamada tomograf\u00eda de coherencia \u00f3ptica (OCT). En una prueba OCT, su oftalm\u00f3logo tomar\u00e1 fotograf\u00edas del interior de su ojo con una m\u00e1quina especial.<\/span><\/h4>\t\t\t\t\t\t\t\t<\/div>\n\t\t\t\t<\/div>\n\t\t\t\t<\/div>\n\t\t<div class=\"elementor-element elementor-element-a87afe2 e-con-full e-flex e-con e-child\" data-id=\"a87afe2\" data-element_type=\"container\" data-e-type=\"container\">\n\t\t\t\t<div class=\"elementor-element elementor-element-81bb85b elementor-cta--skin-classic elementor-animated-content elementor-bg-transform elementor-bg-transform-zoom-in elementor-widget elementor-widget-call-to-action\" data-id=\"81bb85b\" data-element_type=\"widget\" data-e-type=\"widget\" data-widget_type=\"call-to-action.default\">\n\t\t\t\t<div class=\"elementor-widget-container\">\n\t\t\t\t\t\t\t<div class=\"elementor-cta\">\n\t\t\t\t\t<div class=\"elementor-cta__bg-wrapper\">\n\t\t\t\t<div class=\"elementor-cta__bg elementor-bg\" style=\"background-image: url(https:\/\/u-medicare.com\/wp-content\/uploads\/2023\/11\/OCT3.jpg);\" role=\"img\" aria-label=\"OCT3\"><\/div>\n\t\t\t\t<div class=\"elementor-cta__bg-overlay\"><\/div>\n\t\t\t<\/div>\n\t\t\t\t\t\t\t<div class=\"elementor-cta__content\">\n\t\t\t\t\n\t\t\t\t\t\t\t\t\t<h2 class=\"elementor-cta__title elementor-cta__content-item elementor-content-item\">\n\t\t\t\t\t\tLa tomograf\u00eda de coherencia \u00f3ptica\t\t\t\t\t<\/h2>\n\t\t\t\t\n\t\t\t\t\n\t\t\t\t\t\t\t\t\t<div class=\"elementor-cta__button-wrapper elementor-cta__content-item elementor-content-item\">\n\t\t\t\t\t<a class=\"elementor-cta__button elementor-button elementor-size-\" href=\"https:\/\/u-medicare.com\/es\/optical-coherence-tomography-oct-puerto-vallarta-riviera-nayarit\/\">\n\t\t\t\t\t\tClick Aqu\u00ed para solicitar una cita para realizarse la  tomograf\u00eda de coherencia \u00f3ptica\t\t\t\t\t<\/a>\n\t\t\t\t\t<\/div>\n\t\t\t\t\t\t\t<\/div>\n\t\t\t\t\t\t<\/div>\n\t\t\t\t\t\t<\/div>\n\t\t\t\t<\/div>\n\t\t\t\t<\/div>\n\t\t\t\t\t<\/div>\n\t\t\t\t<\/div>\n\t\t<div class=\"elementor-element elementor-element-2a82192 e-flex e-con-boxed e-con e-parent\" data-id=\"2a82192\" data-element_type=\"container\" data-e-type=\"container\">\n\t\t\t\t\t<div class=\"e-con-inner\">\n\t\t\t\t<div class=\"elementor-element elementor-element-b2e7888 elementor-widget-divider--view-line_icon elementor-view-default elementor-widget-divider--element-align-center elementor-widget elementor-widget-divider\" data-id=\"b2e7888\" data-element_type=\"widget\" data-e-type=\"widget\" data-widget_type=\"divider.default\">\n\t\t\t\t<div class=\"elementor-widget-container\">\n\t\t\t\t\t\t\t<div class=\"elementor-divider\">\n\t\t\t<span class=\"elementor-divider-separator\">\n\t\t\t\t\t\t\t<div class=\"elementor-icon elementor-divider__element\">\n\t\t\t\t\t<i aria-hidden=\"true\" class=\"fas fa-hand-holding-medical\"><\/i><\/div>\n\t\t\t\t\t\t<\/span>\n\t\t<\/div>\n\t\t\t\t\t\t<\/div>\n\t\t\t\t<\/div>\n\t\t\t\t\t<\/div>\n\t\t\t\t<\/div>\n\t\t<div class=\"elementor-element elementor-element-3edd1eb e-flex e-con-boxed e-con e-parent\" data-id=\"3edd1eb\" data-element_type=\"container\" data-e-type=\"container\">\n\t\t\t\t\t<div class=\"e-con-inner\">\n\t\t\t\t<div class=\"elementor-element elementor-element-1a91b1b elementor-widget elementor-widget-heading\" data-id=\"1a91b1b\" data-element_type=\"widget\" data-e-type=\"widget\" data-widget_type=\"heading.default\">\n\t\t\t\t<div class=\"elementor-widget-container\">\n\t\t\t\t\t<h2 class=\"elementor-heading-title elementor-size-default\">Contacte Aqu\u00ed al  Dr. Ulises Zertuche Zapata<\/h2>\t\t\t\t<\/div>\n\t\t\t\t<\/div>\n\t\t\t\t<div class=\"elementor-element elementor-element-91fa561 elementor-widget elementor-widget-text-editor\" data-id=\"91fa561\" data-element_type=\"widget\" data-e-type=\"widget\" data-widget_type=\"text-editor.default\">\n\t\t\t\t<div class=\"elementor-widget-container\">\n\t\t\t\t\t\t\t\t\t<h4 style=\"text-align: center;\"><span style=\"color: #808080;\">Especialista en Degeneraci\u00f3n Macular Asociada a la Edad (DMAE)<\/span><\/h4>\t\t\t\t\t\t\t\t<\/div>\n\t\t\t\t<\/div>\n\t\t\t\t\t<\/div>\n\t\t\t\t<\/div>\n\t\t<div class=\"elementor-element elementor-element-6424f32 e-flex e-con-boxed e-con e-parent\" data-id=\"6424f32\" data-element_type=\"container\" data-e-type=\"container\">\n\t\t\t\t\t<div class=\"e-con-inner\">\n\t\t<div class=\"elementor-element elementor-element-6329abe e-con-full e-flex e-con e-child\" data-id=\"6329abe\" data-element_type=\"container\" data-e-type=\"container\">\n\t\t\t\t<div class=\"elementor-element elementor-element-75bfb9a elementor-view-default elementor-position-block-start elementor-mobile-position-block-start elementor-widget elementor-widget-icon-box\" data-id=\"75bfb9a\" data-element_type=\"widget\" data-e-type=\"widget\" data-widget_type=\"icon-box.default\">\n\t\t\t\t<div class=\"elementor-widget-container\">\n\t\t\t\t\t\t\t<div class=\"elementor-icon-box-wrapper\">\n\n\t\t\t\t\t\t<div class=\"elementor-icon-box-icon\">\n\t\t\t\t<span  class=\"elementor-icon\">\n\t\t\t\t<i aria-hidden=\"true\" class=\"fas fa-home\"><\/i>\t\t\t\t<\/span>\n\t\t\t<\/div>\n\t\t\t\n\t\t\t\t\t\t<div class=\"elementor-icon-box-content\">\n\n\t\t\t\t\t\t\t\t\t<h3 class=\"elementor-icon-box-title\">\n\t\t\t\t\t\t<span  >\n\t\t\t\t\t\t\tVallarta Medical Center Hospital\t\t\t\t\t\t<\/span>\n\t\t\t\t\t<\/h3>\n\t\t\t\t\n\t\t\t\t\t\t\t\t\t<p class=\"elementor-icon-box-description\">\n\t\t\t\t\t\tTORRE MEDICA  2d Floor . Av Los Tules No. 136, D\u00edaz Ordaz, 48310 Puerto Vallarta, Jal.\t\t\t\t\t<\/p>\n\t\t\t\t\n\t\t\t<\/div>\n\t\t\t\n\t\t<\/div>\n\t\t\t\t\t\t<\/div>\n\t\t\t\t<\/div>\n\t\t\t\t<div class=\"elementor-element elementor-element-eb3c064 elementor-widget elementor-widget-google_maps\" data-id=\"eb3c064\" data-element_type=\"widget\" data-e-type=\"widget\" data-widget_type=\"google_maps.default\">\n\t\t\t\t<div class=\"elementor-widget-container\">\n\t\t\t\t\t\t\t<div class=\"elementor-custom-embed\">\n\t\t\t<iframe loading=\"lazy\"\n\t\t\t\t\tsrc=\"https:\/\/maps.google.com\/maps?q=dr%20ulises%20zertuche%20zapata&#038;t=m&#038;z=16&#038;output=embed&#038;iwloc=near\"\n\t\t\t\t\ttitle=\"dr ulises zertuche zapata\"\n\t\t\t\t\taria-label=\"dr ulises zertuche zapata\"\n\t\t\t><\/iframe>\n\t\t<\/div>\n\t\t\t\t\t\t<\/div>\n\t\t\t\t<\/div>\n\t\t\t\t<\/div>\n\t\t<div class=\"elementor-element elementor-element-9c34793 e-con-full e-flex e-con e-child\" data-id=\"9c34793\" data-element_type=\"container\" data-e-type=\"container\">\n\t\t\t\t<div class=\"elementor-element elementor-element-774afcb elementor-view-default elementor-position-block-start elementor-mobile-position-block-start elementor-widget elementor-widget-icon-box\" data-id=\"774afcb\" data-element_type=\"widget\" data-e-type=\"widget\" data-widget_type=\"icon-box.default\">\n\t\t\t\t<div class=\"elementor-widget-container\">\n\t\t\t\t\t\t\t<div class=\"elementor-icon-box-wrapper\">\n\n\t\t\t\t\t\t<div class=\"elementor-icon-box-icon\">\n\t\t\t\t<span  class=\"elementor-icon\">\n\t\t\t\t<i aria-hidden=\"true\" class=\"fas fa-phone\"><\/i>\t\t\t\t<\/span>\n\t\t\t<\/div>\n\t\t\t\n\t\t\t\t\t\t<div class=\"elementor-icon-box-content\">\n\n\t\t\t\t\t\t\t\t\t<h3 class=\"elementor-icon-box-title\">\n\t\t\t\t\t\t<span  >\n\t\t\t\t\t\t\tLlame para hacer una cita\t\t\t\t\t\t<\/span>\n\t\t\t\t\t<\/h3>\n\t\t\t\t\n\t\t\t\t\t\t\t\t\t<p class=\"elementor-icon-box-description\">\n\t\t\t\t\t\t011 ( +52 ) 322 229 03 10\t\t\t\t\t<\/p>\n\t\t\t\t\n\t\t\t<\/div>\n\t\t\t\n\t\t<\/div>\n\t\t\t\t\t\t<\/div>\n\t\t\t\t<\/div>\n\t\t\t\t<div class=\"elementor-element elementor-element-0b9b85e elementor-widget elementor-widget-image\" data-id=\"0b9b85e\" data-element_type=\"widget\" data-e-type=\"widget\" data-widget_type=\"image.default\">\n\t\t\t\t<div class=\"elementor-widget-container\">\n\t\t\t\t\t\t\t\t\t\t\t\t\t\t\t<img decoding=\"async\" width=\"700\" height=\"429\" src=\"https:\/\/u-medicare.com\/wp-content\/uploads\/2019\/06\/vallarta-medical-center.jpg\" class=\"attachment-large size-large wp-image-3036\" alt=\"\" srcset=\"https:\/\/u-medicare.com\/wp-content\/uploads\/2019\/06\/vallarta-medical-center.jpg 700w, https:\/\/u-medicare.com\/wp-content\/uploads\/2019\/06\/vallarta-medical-center-300x184.jpg 300w\" sizes=\"(max-width: 700px) 100vw, 700px\" \/>\t\t\t\t\t\t\t\t\t\t\t\t\t\t\t<\/div>\n\t\t\t\t<\/div>\n\t\t\t\t<\/div>\n\t\t\t\t\t<\/div>\n\t\t\t\t<\/div>\n\t\t\t\t<\/div>","protected":false},"excerpt":{"rendered":"<p>What is Age-Related Macuar Degeneration ( AMD ) ? Age-related macular degeneration (AMD) is an eye disease that can blur your central vision. It happens when aging causes damage to the macula \u2014 the part of the eye that controls sharp, straight-ahead vision. The macula is part of the retina (the light-sensitive tissue at the &hellip;<\/p>\n<p class=\"read-more\"> <a class=\"\" href=\"https:\/\/u-medicare.com\/es\/age-related-macular-degeneration-amd-treatment-puerto-vallarta\/\"> <span class=\"screen-reader-text\">Tratamiento de la degeneraci\u00f3n macular relacionada con la edad (AMD) Puerto Vallarta<\/span> Leer m\u00e1s &raquo;<\/a><\/p>","protected":false},"author":1,"featured_media":3903,"comment_status":"closed","ping_status":"closed","sticky":false,"template":"","format":"standard","meta":{"site-sidebar-layout":"default","site-content-layout":"","ast-site-content-layout":"","site-content-style":"default","site-sidebar-style":"default","ast-global-header-display":"","ast-banner-title-visibility":"","ast-main-header-display":"","ast-hfb-above-header-display":"","ast-hfb-below-header-display":"","ast-hfb-mobile-header-display":"","site-post-title":"","ast-breadcrumbs-content":"","ast-featured-img":"","footer-sml-layout":"","theme-transparent-header-meta":"","adv-header-id-meta":"","stick-header-meta":"","header-above-stick-meta":"","header-main-stick-meta":"","header-below-stick-meta":"","astra-migrate-meta-layouts":"","footnotes":""},"categories":[38],"tags":[],"class_list":["post-3902","post","type-post","status-publish","format-standard","has-post-thumbnail","hentry","category-ophthalmology"],"_links":{"self":[{"href":"https:\/\/u-medicare.com\/es\/wp-json\/wp\/v2\/posts\/3902","targetHints":{"allow":["GET"]}}],"collection":[{"href":"https:\/\/u-medicare.com\/es\/wp-json\/wp\/v2\/posts"}],"about":[{"href":"https:\/\/u-medicare.com\/es\/wp-json\/wp\/v2\/types\/post"}],"author":[{"embeddable":true,"href":"https:\/\/u-medicare.com\/es\/wp-json\/wp\/v2\/users\/1"}],"replies":[{"embeddable":true,"href":"https:\/\/u-medicare.com\/es\/wp-json\/wp\/v2\/comments?post=3902"}],"version-history":[{"count":30,"href":"https:\/\/u-medicare.com\/es\/wp-json\/wp\/v2\/posts\/3902\/revisions"}],"predecessor-version":[{"id":5697,"href":"https:\/\/u-medicare.com\/es\/wp-json\/wp\/v2\/posts\/3902\/revisions\/5697"}],"wp:featuredmedia":[{"embeddable":true,"href":"https:\/\/u-medicare.com\/es\/wp-json\/wp\/v2\/media\/3903"}],"wp:attachment":[{"href":"https:\/\/u-medicare.com\/es\/wp-json\/wp\/v2\/media?parent=3902"}],"wp:term":[{"taxonomy":"category","embeddable":true,"href":"https:\/\/u-medicare.com\/es\/wp-json\/wp\/v2\/categories?post=3902"},{"taxonomy":"post_tag","embeddable":true,"href":"https:\/\/u-medicare.com\/es\/wp-json\/wp\/v2\/tags?post=3902"}],"curies":[{"name":"wp","href":"https:\/\/api.w.org\/{rel}","templated":true}]}}